{"language_default":"de","language_more":[],"ikmk_id":"2067","eLearning_completed":"0","primary_source_id":"0","title":"Kotiaeion","inventory_number":"SNG T\u00fcbingen 4108","activated":"yes","item":{"ikmk_item_id":"1","ndp_uri":"https:\/\/ikmk.smb.museum\/ndp\/item\/1","item_de":"M\u00fcnze","item_en":"Coin","item_nomisma":"http:\/\/nomisma.org\/id\/coin"},"permalink":"https:\/\/www.ikmk.uni-tuebingen.de\/object?id=ID2067","permalink_source":null,"publisher":{"ikmk_publisher_id":40,"ndp_uri":"https:\/\/ikmk.smb.museum\/ndp\/owner\/40","publisher_name":"Universit\u00e4t T\u00fcbingen","publisher_isil":"http:\/\/ld.zdb-services.de\/resource\/organisations\/DE-MUS-133511","publisher_isil_short":"DE-MUS-133511","UID":"http:\/\/ld.zdb-services.de\/resource\/organisations\/DE-MUS-133511\/ID2067","legalBodyWeblink":"http:\/\/www.klassarch.uni-tuebingen.de","nomisma_address":"http:\/\/nomisma.org\/id\/uni-tuebingen","author":"Oer de Almeida, Samuel"},"owner":{"ikmk_owner_id":"40","owner_name":"Institut f\u00fcr Klassische Arch\u00e4ologie der Eberhard Karls Universit\u00e4t T\u00fcbingen","owner_isil":"http:\/\/ld.zdb-services.de\/resource\/organisations\/DE-MUS-134212","owner_isil_short":"DE-MUS-134212","owner_www_address":"http:\/\/www.ikmk.uni-tuebingen.de","nomisma_address":"http:\/\/nomisma.org\/id\/uni-tuebingen","ndp_uri":"https:\/\/ikmk.smb.museum\/ndp\/owner\/40","owner_type":{"de":"Eigentum","en":"Property","ikmk_type_id":"2","ndp_uri":"https:\/\/ikmk.smb.museum\/ndp\/status_of_property\/2"}},"ikmk_status_id":"7","status":{"de":"vorhanden","en":"present","ikmk_status_id":"7","ndp_uri":"https:\/\/ikmk.smb.museum\/ndp\/object_status\/7"},"date_last":"2025-05-17 03:34:36","coin_status":[{"ikmk_coin_status_id":"54","coin_status_name_de":"Stadt","coin_status_name_en":"City","coin_status_nomisma_id":"http:\/\/nomisma.org\/id\/city","ndp_uri":"https:\/\/ikmk.smb.museum\/ndp\/class_status\/54"}],"mint":[{"ikmk_country_id":"75","country_ndp_url":"https:\/\/ikmk.smb.museum\/ndp\/country\/75","country_name_de":"T\u00fcrkei","country_name_en":"Turkey","country_nomisma_id":"","country_geoname_id":"http:\/\/www.geonames.org\/298795","ikmk_region_id":"404","region_ndp_uri":"https:\/\/ikmk.smb.museum\/ndp\/region\/404","region_name_de":"Phrygia","region_name_en":"Phrygia","region_nomisma_id":"http:\/\/nomisma.org\/id\/phrygia","region_geoname_id":"","ikmk_mint_id":"2164","mint_ndp_uri":"https:\/\/ikmk.smb.museum\/ndp\/location\/2164","mint_name":"Kotiaeion","mint_name_de":"Kotiaeion","mint_name_en":"Cotiaeum","mint_nomisma_id":"http:\/\/nomisma.org\/id\/cotiaeum","mint_geoname_id":"http:\/\/www.geonames.org\/305268"}],"material":{"ikmk_material_id":"2","material_name_de":"Bronze","material_name_en":"Bronze","material_nomisma_id":"http:\/\/nomisma.org\/id\/ae","ndp_uri":"https:\/\/ikmk.smb.museum\/ndp\/material\/2"},"diameter":"24 mm","die_axis":"8 h","weight":"7.45 g","accession":"","access_year":"1975","access_type":{"ikmk_access_type_id":"2","access_type_name":"Stiftung","access_type_nomisma_id":"","access_type_concept_id":"http:\/\/d-nb.info\/gnd\/4057542-1","ndp_uir":"https:\/\/ikmk.smb.museum\/ndp\/accession\/2"},"provenienz_extern":"","acquisition_date":null,"avers":{"leg_trans":"","leg_text":"\u0394\u0397\u039c-\u039f-C \u039a\u039f\u03a4\u0399\u0391\u0395\u03a9-\u039d","image_description":"Gewandb\u00fcste des jugendlichen Demos mit Binde (tainia) nach r.","foto_date":"2018-07-15","photographer":{"ikmk_photographer_id":"11","photographer_name":"Stefan Krmnicek","photographer_gnd":"https:\/\/d-nb.info\/gnd\/111113538X","photographer_viaf":"https:\/\/viaf.org\/viaf\/44147121735026391909"},"path_thumbnail":"https:\/\/www.ikmk.uni-tuebingen.de\/image\/ID2067\/vs_opt.jpg","path_opt":"https:\/\/www.ikmk.uni-tuebingen.de\/image\/ID2067\/vs_opt.jpg","path_opt_rel":"\/info\/wwv\/ikmk\/data\/mk-edit\/images\/n2\/2067\/vs_opt.jpg","path":"https:\/\/www.ikmk.uni-tuebingen.de\/image\/ID2067\/vs_org.jpg","path_org":"https:\/\/www.ikmk.uni-tuebingen.de\/image\/ID2067\/vs_org.jpg","image_timestamp":1585326524,"copyright":{"short":"PDM 1.0","url":"https:\/\/creativecommons.org\/publicdomain\/mark\/1.0\/","de":"Bilddateien sind <a href=\"https:\/\/creativecommons.org\/publicdomain\/mark\/1.0\/deed.de\" target=\"_blank\">Public Domain Mark 1.0<\/a>. Institut f\u00fcr Klassische Arch\u00e4ologie der Eberhard Karls Universit\u00e4t T\u00fcbingen, ID2067. Aufnahme durch Stefan Krmnicek.","en":"Image files are licensed&nbsp;<a href=\"https:\/\/creativecommons.org\/publicdomain\/mark\/1.0\/deed.en\" target=\"_blank\">Public Domain Mark 1.0<\/a>. Institut f\u00fcr Klassische Arch\u00e4ologie der Eberhard Karls Universit\u00e4t T\u00fcbingen, ID2067. Photographs by Stefan Krmnicek."}},"revers":{"leg_trans":"","leg_text":"","image_description":"Herakles nackt mit Kybelestatuette auf der Rechten, Keule in der Linken stehend nach l. Hinter der Keule ein L\u00f6we (?). Umlaufend und im Feld Beamtenname \u0395\u03a0\u0399 \u0394\u0399\u039f\u0413\u0395\u039d[\u039fVC \u0394\u0399\u039f\u039dVC\u0399]-\/O-V \/ AP-X.","foto_date":"2018-07-15","photographer":{"ikmk_photographer_id":"11","photographer_name":"Stefan Krmnicek","photographer_gnd":"https:\/\/d-nb.info\/gnd\/111113538X","photographer_viaf":"https:\/\/viaf.org\/viaf\/44147121735026391909"},"path_thumbnail":"https:\/\/www.ikmk.uni-tuebingen.de\/image\/ID2067\/rs_opt.jpg","path_opt":"https:\/\/www.ikmk.uni-tuebingen.de\/image\/ID2067\/rs_opt.jpg","path_opt_rel":"\/info\/wwv\/ikmk\/data\/mk-edit\/images\/n2\/2067\/rs_opt.jpg","path":"https:\/\/www.ikmk.uni-tuebingen.de\/image\/ID2067\/rs_org.jpg","path_org":"https:\/\/www.ikmk.uni-tuebingen.de\/image\/ID2067\/rs_org.jpg","image_timestamp":1585326571,"copyright":{"short":"PDM 1.0","url":"https:\/\/creativecommons.org\/publicdomain\/mark\/1.0\/","de":"Bilddateien sind <a href=\"https:\/\/creativecommons.org\/publicdomain\/mark\/1.0\/deed.de\" target=\"_blank\">Public Domain Mark 1.0<\/a>. Institut f\u00fcr Klassische Arch\u00e4ologie der Eberhard Karls Universit\u00e4t T\u00fcbingen, ID2067. Aufnahme durch Stefan Krmnicek.","en":"Image files are licensed&nbsp;<a href=\"https:\/\/creativecommons.org\/publicdomain\/mark\/1.0\/deed.en\" target=\"_blank\">Public Domain Mark 1.0<\/a>. Institut f\u00fcr Klassische Arch\u00e4ologie der Eberhard Karls Universit\u00e4t T\u00fcbingen, ID2067. Photographs by Stefan Krmnicek."}},"division":{"ikmk_division_id":"1","division_name_de":"Antike","division_name_en":"Antiquity"},"sub_division":{"ikmk_subdivision_id":"6","subdivision_name_de":"Griechen, R\u00f6mische Kaiserzeit","subdivision_name_en":"Greek, Roman Imperial period"},"literatur":"SNG T\u00fcbingen Nr. 4108 (dieses St\u00fcck; Datierung 260-268 n. Chr.). Vgl. SNG Aulock Nr. 3775 (Vs. stgl.; dort abweichende Rs.-Legende); BMC Phrygia 162 Nr. 19 (Vs. stgl.; dort andere Rs.-Legendenverteilung).","comment":"Beiderseits Zentralbohrung.","period":{"ikmk_period_id":"4","name_de":"R\u00f6mische Kaiserzeit","name_en":null,"description_de":"30 v. - 283 n. Chr.","description_en":null,"concept_id":"http:\/\/vocab.getty.edu\/aat\/300020541","ndp_uri":"https:\/\/ikmk.smb.museum\/ndp\/period\/4"},"year_start":"253","year_end":"268","date_verbal":"253-268 n. Chr.","year_islam":"0","manufacturing":[{"ikmk_manufacturing_id":"21","manufacturing_name_de":"gepr\u00e4gt","manufacturing_name_en":"struck","nomisma_id":"http:\/\/nomisma.org\/id\/struck","ndp_uri":"https:\/\/ikmk.smb.museum\/ndp\/manufacture\/21"}],"linked_persons_corporations":{"50":{"ikmk_type_id":"50","type_name_de":"Vorbesitzer","type_name_en":"previous Owner","type_nomisma_id":"","type_concept_id":"http:\/\/d-nb.info\/gnd\/4447273-0","ndp_id":"https:\/\/ikmk.smb.museum\/ndp\/type_for_person_and_corporation\/50","items":{"7402":{"ikmk_person_id":"7402","title_de":"Prof. Dr.","first_name_de":"Hildebrecht","last_name_de":"Hommel","vitalDates":"19.05.1899 - 16.01.1996","title_en":null,"first_name_en":"Hildebrecht","last_name_en":"Hommel","corporation":"0","lod":{"https:\/\/d-nb.info\/gnd\/118706861":"https:\/\/d-nb.info\/gnd\/118706861","https:\/\/de.wikipedia.org\/wiki\/Hildebrecht_Hommel":"https:\/\/de.wikipedia.org\/wiki\/Hildebrecht_Hommel","https:\/\/viaf.org\/viaf\/54163267":"https:\/\/viaf.org\/viaf\/54163267","https:\/\/www.wikidata.org\/wiki\/Q1618297":"https:\/\/www.wikidata.org\/wiki\/Q1618297","https:\/\/ikmk.smb.museum\/ndp\/person\/7402":"https:\/\/ikmk.smb.museum\/ndp\/person\/7402"},"year_from":"0","year_until":"1975"}}},"87":{"ikmk_type_id":"87","type_name_de":"Archon","type_name_en":"Archon","type_nomisma_id":"","type_concept_id":"http:\/\/d-nb.info\/gnd\/4142977-1","ndp_id":"https:\/\/ikmk.smb.museum\/ndp\/type_for_person_and_corporation\/87","items":{"11370":{"ikmk_person_id":"11370","title_de":"","first_name_de":"","last_name_de":"Diogenes Dionysiou","vitalDates":"","title_en":null,"first_name_en":null,"last_name_en":"Diogenes Dionysiou","corporation":"0","lod":{"https:\/\/ikmk.smb.museum\/ndp\/person\/11370":"https:\/\/ikmk.smb.museum\/ndp\/person\/11370"}}}},"138":{"ikmk_type_id":"138","type_name_de":"Ver\u00e4u\u00dferer (an Vorbesitzer)","type_name_en":"Vendor (to prev. Owner)","type_nomisma_id":"","type_concept_id":"","ndp_id":"https:\/\/ikmk.smb.museum\/ndp\/type_for_person_and_corporation\/138","items":{"7413":{"ikmk_person_id":"7413","title_de":null,"first_name_de":null,"last_name_de":"Dorotheum Wien","vitalDates":null,"title_en":null,"first_name_en":null,"last_name_en":"Dorotheum Vienna","corporation":"1","lod":{"https:\/\/d-nb.info\/gnd\/2058319-9":"https:\/\/d-nb.info\/gnd\/2058319-9","https:\/\/de.wikipedia.org\/wiki\/Dorotheum":"https:\/\/de.wikipedia.org\/wiki\/Dorotheum","https:\/\/en.wikipedia.org\/wiki\/Dorotheum":"https:\/\/en.wikipedia.org\/wiki\/Dorotheum","https:\/\/term.museum-digital.de\/md-de\/persinst\/72939":"https:\/\/term.museum-digital.de\/md-de\/persinst\/72939","https:\/\/viaf.org\/viaf\/143109720":"https:\/\/viaf.org\/viaf\/143109720","https:\/\/www.wikidata.org\/wiki\/Q668545":"https:\/\/www.wikidata.org\/wiki\/Q668545","https:\/\/ikmk.smb.museum\/ndp\/corporation\/7413":"https:\/\/ikmk.smb.museum\/ndp\/corporation\/7413"}}}}},"keywords":[{"ikmk_keyword_id":"1","keyword_de":"Antike","keyword_gnd_uri":"http:\/\/d-nb.info\/gnd\/4068754-5","keyword_concept_uri":"http:\/\/vocab.getty.edu\/aat\/300055818"},{"ikmk_keyword_id":"71","keyword_de":"Bronze \/ Kupfer","keyword_gnd_uri":"http:\/\/d-nb.info\/gnd\/4146667-6","keyword_concept_uri":"http:\/\/www.nomisma.org\/id\/ae"},{"ikmk_keyword_id":"76","keyword_de":"Gegenst\u00e4nde","keyword_gnd_uri":"http:\/\/d-nb.info\/gnd\/4121320-8","keyword_concept_uri":"http:\/\/vocab.getty.edu\/aat\/300311889"},{"ikmk_keyword_id":"60","keyword_de":"Gegenstempel, Erasionen u.a.","keyword_gnd_uri":"","keyword_concept_uri":""},{"ikmk_keyword_id":"45","keyword_de":"G\u00f6tter","keyword_gnd_uri":"http:\/\/d-nb.info\/gnd\/4021469-2","keyword_concept_uri":"http:\/\/vocab.getty.edu\/aat\/300343850"},{"ikmk_keyword_id":"46","keyword_de":"Heroen","keyword_gnd_uri":"http:\/\/d-nb.info\/gnd\/4126545-2","keyword_concept_uri":""},{"ikmk_keyword_id":"25","keyword_de":"Kleinasien","keyword_gnd_uri":"http:\/\/d-nb.info\/gnd\/4085685-9","keyword_concept_uri":"http:\/\/vocab.getty.edu\/aat\/300387727"},{"ikmk_keyword_id":"67","keyword_de":"M\u00fcnzmeister\/-beamte","keyword_gnd_uri":"","keyword_concept_uri":"http:\/\/vocab.getty.edu\/aat\/300205361"},{"ikmk_keyword_id":"48","keyword_de":"Personifikationen","keyword_gnd_uri":"http:\/\/d-nb.info\/gnd\/4137737-0","keyword_concept_uri":"http:\/\/vocab.getty.edu\/aat\/300055905"},{"ikmk_keyword_id":"7","keyword_de":"R\u00f6mische Kaiserzeit, 1. Jh. v. Chr.-3. Jh.","keyword_gnd_uri":"http:\/\/d-nb.info\/gnd\/7512142-6","keyword_concept_uri":"http:\/\/vocab.getty.edu\/aat\/300020541"},{"ikmk_keyword_id":"38","keyword_de":"St\u00e4dte","keyword_gnd_uri":"http:\/\/d-nb.info\/gnd\/4056723-0","keyword_concept_uri":"http:\/\/nomisma.org\/id\/city"},{"ikmk_keyword_id":"51","keyword_de":"Tiere","keyword_gnd_uri":"http:\/\/d-nb.info\/gnd\/4185464-0","keyword_concept_uri":""}],"text_right":{"short":"CC BY-SA 4.0","icon":"https:\/\/licensebuttons.net\/l\/by-sa\/4.0\/80x15.png","url":{"de":"https:\/\/creativecommons.org\/licenses\/by-sa\/4.0\/deed.de","en":"https:\/\/creativecommons.org\/licenses\/by-sa\/4.0\/deed.en"},"label":{"de":"Creative Commons Namensnennung - Weitergabe unter gleichen Bedingungen 4.0 International","en":"Creative Commons Attribution-ShareAlike 4.0 International"},"string":{"de":"Texte und Beschreibungen in diesem Online-Katalog stehen unter einer <a href=\"https:\/\/creativecommons.org\/licenses\/by-sa\/4.0\/deed.de\" target=\"_blank\">CC BY-SA 4.0<\/a> Lizenz.","en":"Texts and descriptions of this catalogue are licensed <a href=\"https:\/\/creativecommons.org\/licenses\/by-sa\/4.0\/deed.de\" target=\"_blank\">CC BY-SA 4.0<\/a>."}},"lod_right":{"short":"PDM 1.0","icon":"https:\/\/licensebuttons.net\/p\/zero\/1.0\/80x15.png","url":{"de":"https:\/\/creativecommons.org\/publicdomain\/mark\/1.0\/deed.de","en":"https:\/\/creativecommons.org\/publicdomain\/mark\/1.0\/deed.en"},"label":{"de":"Public Domain Mark 1.0","en":"Public Domain Mark 1.0"},"string":{"de":"Verwendete LOD-Identifikatoren sind <a href=\"https:\/\/creativecommons.org\/publicdomain\/mark\/1.0\/deed.de\" target=\"_blank\">PDM 1.0<\/a>.","en":"LOD ids used are licensed <a href=\"https:\/\/creativecommons.org\/publicdomain\/mark\/1.0\/deed.en\" target=\"_blank\">Public Domain Mark 1.0<\/a>."}},"image_restriction_id":0,"image_restriction":"free","image_right":{"short":"PDM 1.0","icon":"https:\/\/licensebuttons.net\/p\/zero\/1.0\/80x15.png","url":{"de":"https:\/\/creativecommons.org\/publicdomain\/mark\/1.0\/deed.de","en":"https:\/\/creativecommons.org\/publicdomain\/mark\/1.0\/deed.en"},"label":{"de":"Public Domain Mark 1.0","en":"Public Domain Mark 1.0"}}}